{"id":1150,"date":"2025-03-06T16:38:59","date_gmt":"2025-03-06T16:38:59","guid":{"rendered":"https:\/\/congresos.unileon.es\/14cimo2025\/?p=1150"},"modified":"2025-03-31T13:33:26","modified_gmt":"2025-03-31T13:33:26","slug":"expociencia-2025","status":"publish","type":"post","link":"https:\/\/congresos.unileon.es\/14cimo2025\/2025\/03\/06\/expociencia-2025\/","title":{"rendered":"Expociencia 2025"},"content":{"rendered":"[et_pb_section admin_label=&#8221;section&#8221;]\r\n\t\t\t[et_pb_row admin_label=&#8221;row&#8221;]\r\n\t\t\t\t[et_pb_column type=&#8221;4_4&#8243;][et_pb_text admin_label=&#8221;Text&#8221;]\n<h1 class=\"wp-block-heading\">Participaci\u00f3n de GIC HISMECON en la edici\u00f3n de Expociencia 2025 con el taller \u00abAgua pasada no mueve molino\u00bb<\/h1>\n\n\n\n<p>El Grupo de Investigaci\u00f3n Consolidado HISMECON particip\u00f3 en una nueva edici\u00f3n de\u00a0<strong>Expociencia<\/strong>\u00a0de la Universidad de Le\u00f3n los pasados d\u00edas 25, 26 y 27 de febrero en el Palacio de Exposiciones de Le\u00f3n.<\/p>\n\n\n\n<p>En esta ocasi\u00f3n, HISMECON centr\u00f3 su stand en el el&nbsp;<em>XIV&nbsp;Congreso&nbsp;Internacional&nbsp;de&nbsp;Molinolog\u00eda<\/em>&nbsp;(CIMO)&nbsp;que ser\u00e1 organizado en Le\u00f3n&nbsp; del 16 al 19 de octubre de 2025&nbsp;por la&nbsp;Universidad de Le\u00f3n&nbsp;y la&nbsp;<strong><a href=\"https:\/\/molinosacem.com\/\" target=\"_blank\" rel=\"noreferrer noopener\">Asociaci\u00f3n para la Conservaci\u00f3n y Estudio de los Molinos&nbsp;(ACEM)<\/a><\/strong>, en colaboraci\u00f3n con el&nbsp;Ayuntamiento de Le\u00f3n y otras instituciones.<\/p>\n\n\n\n<p>De este modo, los talleres desarrollados en el stand de HISMECON se denominaron \u00abAgua pasada no mueve molino\u00bb y en ellos, escolares de colegios e institutos, as\u00ed como el p\u00fablico general, pudo conocer la evoluci\u00f3n hist\u00f3rica de los molinos, desde las muelas de nuestra dentici\u00f3n hasta los \u00faltimos molinos el\u00e9ctricos, pasando por los molinos de vaiv\u00e9n, los molinos manuales rotatorios y los molinos hidr\u00e1ulicos, que pudieron conocerse gracias a dos maquetas e incluso partes originales de maquinaria de moliner\u00eda leonesa.<\/p>\n\n\n\n<p>Fueron m\u00e1s de 400 los escolares que participaron en los talleres a lo largo de los tres d\u00edas.<\/p>\n\n\n\n<p><\/p>\n\n\n\n<figure class=\"wp-block-image aligncenter\"><img decoding=\"async\" src=\"https:\/\/hismecon.unileon.es\/wp-content\/uploads\/2025\/03\/WhatsApp-Image-2025-02-25-at-21.40.11-1024x768.jpeg\" alt=\"\" class=\"wp-image-10004\" \/><\/figure>\n\n\n\n<figure class=\"wp-block-image aligncenter\"><img decoding=\"async\" src=\"https:\/\/hismecon.unileon.es\/wp-content\/uploads\/2025\/03\/WhatsApp-Image-2025-02-25-at-15.06.57-1024x768.jpeg\" alt=\"\" class=\"wp-image-10005\" \/><\/figure>\n\n\n\n<p>En la inauguraci\u00f3n, las autoridades se detuvieron para observar el conjunto del stand de HISMECON, como muestran las fotograf\u00edas y v\u00eddeos publicados en distintos medios de comunicaci\u00f3n:<\/p>\n\n\n\n<figure class=\"wp-block-embed\"><div class=\"wp-block-embed__wrapper\">\nhttps:\/\/www.lanuevacronica.com\/actualidad\/leon-inaugura-su-expociencia-experimentos-por-tubo_171044_102.html?fbclid=IwY2xjawIz-VtleHRuA2FlbQIxMQABHc1AQhrZ3_86aw-br1BrCdSlL-oYmYBp6zk6ln6QETJRqekMR8xJb5KcwA_aem_hdxpt3SHvQCDLo2hc0rsoQ\n<\/div><\/figure>\n\n\n\n<figure class=\"wp-block-embed\"><div class=\"wp-block-embed__wrapper\">\nhttps:\/\/www.diariodeleon.es\/leon\/250227\/1879760\/asi-es-expociencia-2025-triunfo-publico-talleres-cita-cientifica-leon.html\n<\/div><\/figure>\n\n\n\n<figure class=\"wp-block-embed\"><div class=\"wp-block-embed__wrapper\">\nhttps:\/\/www.heraldodeleon.es\/articulo\/universidad\/mas-600-investigadores-ule-muestran-trabajo-publico-expociencia-2025\/20250225115550011535.html?utm_medium=social&#038;utm_source=facebook&#038;utm_campaign=share_button&#038;fbclid=IwY2xjawIz8I1leHRuA2FlbQIxMQABHepxfMKa4v1Yo36JcKG8HdNYhAqVhgF_IFRrJu2EJYpMr6Uo04LhMNiLPg_aem_4EhkYEmn3aWbfUs8y6aMTw\n<\/div><\/figure>\n\n\n\n<figure class=\"wp-block-embed is-type-wp-embed is-provider-noticias-de-le-n-y-provincia-digital-de-le-n-noticias wp-block-embed-noticias-de-le-n-y-provincia-digital-de-le-n-noticias\"><div class=\"wp-block-embed__wrapper\">\n<blockquote class=\"wp-embedded-content\" data-secret=\"VnIOZ3PqQH\"><a href=\"https:\/\/digitaldeleon.com\/noticias-leon\/leoneses-visitan-expociencia-2025\/\">Cientos de leoneses visitan Expociencia 2025 en su primera jornada<\/a><\/blockquote><iframe loading=\"lazy\" class=\"wp-embedded-content\" sandbox=\"allow-scripts\" security=\"restricted\" style=\"position: absolute; visibility: hidden;\" title=\"\u00abCientos de leoneses visitan Expociencia 2025 en su primera jornada\u00bb \u2014 Noticias de Le\u00f3n y provincia | Digital de Le\u00f3n Noticias\" src=\"https:\/\/digitaldeleon.com\/noticias-leon\/leoneses-visitan-expociencia-2025\/embed\/#?secret=gv6iVJX3Ul#?secret=VnIOZ3PqQH\" data-secret=\"VnIOZ3PqQH\" width=\"600\" height=\"338\" frameborder=\"0\" marginwidth=\"0\" marginheight=\"0\" scrolling=\"no\"><\/iframe>\n<\/div><\/figure>\n\n\n\n<figure class=\"wp-block-embed\"><div class=\"wp-block-embed__wrapper\">\nhttps:\/\/www.unileon.es\/noticias\/expociencia-abre-sus-puertas-para-contagiar-la-pasion-investigadora-de-la-universidad-a-la?fbclid=IwY2xjawIz-J1leHRuA2FlbQIxMAABHVu7hxk_XxhU5QIaLwe6WMIUX5G3Da8EygsnJJpdw7zez-wvIEb0cK0mjg_aem_FmkYrfAJ-_b6yBZr3hh2VQ\n<\/div><\/figure>\n\n\n\n<figure class=\"wp-block-embed\"><div class=\"wp-block-embed__wrapper\">\nhttps:\/\/www.lanuevacronica.com\/uploads\/s1\/27\/35\/46\/1\/los-ninos-leoneses-se-acercan-ala-ciencia-a-traves-de-expociencia-2025-17_4_1000\u00d7563.jpeg?fbclid=IwY2xjawIz-QpleHRuA2FlbQIxMAABHRaf5WwK8orkXloStHjMp9xfZUgEyHl2dZ8lbeqgsT6IfK_Yu-I0pCiSeA_aem_NDLeCUNKJq9vdFw0_Ggt_w\n<\/div><\/figure>\n\n\n\n<figure class=\"wp-block-image size-full\"><img loading=\"lazy\" decoding=\"async\" width=\"937\" height=\"656\" src=\"https:\/\/congresos.unileon.es\/14cimo2025\/wp-content\/uploads\/sites\/20\/2025\/03\/image.png\" alt=\"\" class=\"wp-image-1151\" srcset=\"https:\/\/congresos.unileon.es\/14cimo2025\/wp-content\/uploads\/sites\/20\/2025\/03\/image.png 937w, https:\/\/congresos.unileon.es\/14cimo2025\/wp-content\/uploads\/sites\/20\/2025\/03\/image-480x336.png 480w\" sizes=\"auto, (min-width: 0px) and (max-width: 480px) 480px, (min-width: 481px) 937px, 100vw\" \/><\/figure>\n[\/et_pb_text][\/et_pb_column]\r\n\t\t\t[\/et_pb_row]\r\n\t\t[\/et_pb_section]","protected":false},"excerpt":{"rendered":"<p>Participaci\u00f3n de GIC HISMECON en la edici\u00f3n de Expociencia 2025 con el taller \u00abAgua pasada no mueve molino\u00bb El Grupo de Investigaci\u00f3n Consolidado HISMECON particip\u00f3 en una nueva edici\u00f3n de\u00a0Expociencia\u00a0de la Universidad de Le\u00f3n los pasados d\u00edas 25, 26 y 27 de febrero en el Palacio de Exposiciones de Le\u00f3n. En esta ocasi\u00f3n, HISMECON centr\u00f3 [&hellip;]<\/p>\n","protected":false},"author":29,"featured_media":0,"comment_status":"closed","ping_status":"closed","sticky":false,"template":"","format":"standard","meta":{"_et_pb_use_builder":"on","_et_pb_old_content":"<!-- wp:heading {\"level\":1} -->\n<h1 class=\"wp-block-heading\">Participaci\u00f3n de GIC HISMECON en la edici\u00f3n de Expociencia 2025 con el taller \u00abAgua pasada no mueve molino\u00bb<\/h1>\n<!-- \/wp:heading -->\n\n<!-- wp:paragraph -->\n<p>El Grupo de Investigaci\u00f3n Consolidado HISMECON particip\u00f3 en una nueva edici\u00f3n de\u00a0<strong>Expociencia<\/strong>\u00a0de la Universidad de Le\u00f3n los pasados d\u00edas 25, 26 y 27 de febrero en el Palacio de Exposiciones de Le\u00f3n.<\/p>\n<!-- \/wp:paragraph -->\n\n<!-- wp:paragraph -->\n<p>En esta ocasi\u00f3n, HISMECON centr\u00f3 su stand en el el&nbsp;<em>XIV&nbsp;Congreso&nbsp;Internacional&nbsp;de&nbsp;Molinolog\u00eda<\/em>&nbsp;(CIMO)&nbsp;que ser\u00e1 organizado en Le\u00f3n&nbsp; del 16 al 19 de octubre de 2025&nbsp;por la&nbsp;Universidad de Le\u00f3n&nbsp;y la&nbsp;<strong><a href=\"https:\/\/molinosacem.com\/\" target=\"_blank\" rel=\"noreferrer noopener\">Asociaci\u00f3n para la Conservaci\u00f3n y Estudio de los Molinos&nbsp;(ACEM)<\/a><\/strong>, en colaboraci\u00f3n con el&nbsp;Ayuntamiento de Le\u00f3n y otras instituciones.<\/p>\n<!-- \/wp:paragraph -->\n\n<!-- wp:paragraph -->\n<p>De este modo, los talleres desarrollados en el stand de HISMECON se denominaron \u00abAgua pasada no mueve molino\u00bb y en ellos, escolares de colegios e institutos, as\u00ed como el p\u00fablico general, pudo conocer la evoluci\u00f3n hist\u00f3rica de los molinos, desde las muelas de nuestra dentici\u00f3n hasta los \u00faltimos molinos el\u00e9ctricos, pasando por los molinos de vaiv\u00e9n, los molinos manuales rotatorios y los molinos hidr\u00e1ulicos, que pudieron conocerse gracias a dos maquetas e incluso partes originales de maquinaria de moliner\u00eda leonesa.<\/p>\n<!-- \/wp:paragraph -->\n\n<!-- wp:paragraph -->\n<p>Fueron m\u00e1s de 400 los escolares que participaron en los talleres a lo largo de los tres d\u00edas.<\/p>\n<!-- \/wp:paragraph -->\n\n<!-- wp:paragraph -->\n<p><\/p>\n<!-- \/wp:paragraph -->\n\n<!-- wp:image {\"id\":10004,\"align\":\"center\"} -->\n<figure class=\"wp-block-image aligncenter\"><img src=\"https:\/\/hismecon.unileon.es\/wp-content\/uploads\/2025\/03\/WhatsApp-Image-2025-02-25-at-21.40.11-1024x768.jpeg\" alt=\"\" class=\"wp-image-10004\" \/><\/figure>\n<!-- \/wp:image -->\n\n<!-- wp:image {\"id\":10005,\"align\":\"center\"} -->\n<figure class=\"wp-block-image aligncenter\"><img src=\"https:\/\/hismecon.unileon.es\/wp-content\/uploads\/2025\/03\/WhatsApp-Image-2025-02-25-at-15.06.57-1024x768.jpeg\" alt=\"\" class=\"wp-image-10005\" \/><\/figure>\n<!-- \/wp:image -->\n\n<!-- wp:paragraph -->\n<p>En la inauguraci\u00f3n, las autoridades se detuvieron para observar el conjunto del stand de HISMECON, como muestran las fotograf\u00edas y v\u00eddeos publicados en distintos medios de comunicaci\u00f3n:<\/p>\n<!-- \/wp:paragraph -->\n\n<!-- wp:embed {\"url\":\"https:\/\/www.lanuevacronica.com\/actualidad\/leon-inaugura-su-expociencia-experimentos-por-tubo_171044_102.html?fbclid=IwY2xjawIz-VtleHRuA2FlbQIxMQABHc1AQhrZ3_86aw-br1BrCdSlL-oYmYBp6zk6ln6QETJRqekMR8xJb5KcwA_aem_hdxpt3SHvQCDLo2hc0rsoQ\"} -->\n<figure class=\"wp-block-embed\"><div class=\"wp-block-embed__wrapper\">\nhttps:\/\/www.lanuevacronica.com\/actualidad\/leon-inaugura-su-expociencia-experimentos-por-tubo_171044_102.html?fbclid=IwY2xjawIz-VtleHRuA2FlbQIxMQABHc1AQhrZ3_86aw-br1BrCdSlL-oYmYBp6zk6ln6QETJRqekMR8xJb5KcwA_aem_hdxpt3SHvQCDLo2hc0rsoQ\n<\/div><\/figure>\n<!-- \/wp:embed -->\n\n<!-- wp:embed {\"url\":\"https:\/\/www.diariodeleon.es\/leon\/250227\/1879760\/asi-es-expociencia-2025-triunfo-publico-talleres-cita-cientifica-leon.html\"} -->\n<figure class=\"wp-block-embed\"><div class=\"wp-block-embed__wrapper\">\nhttps:\/\/www.diariodeleon.es\/leon\/250227\/1879760\/asi-es-expociencia-2025-triunfo-publico-talleres-cita-cientifica-leon.html\n<\/div><\/figure>\n<!-- \/wp:embed -->\n\n<!-- wp:embed {\"url\":\"https:\/\/www.heraldodeleon.es\/articulo\/universidad\/mas-600-investigadores-ule-muestran-trabajo-publico-expociencia-2025\/20250225115550011535.html?utm_medium=socialu0026amp;utm_source=facebooku0026amp;utm_campaign=share_buttonu0026amp;fbclid=IwY2xjawIz8I1leHRuA2FlbQIxMQABHepxfMKa4v1Yo36JcKG8HdNYhAqVhgF_IFRrJu2EJYpMr6Uo04LhMNiLPg_aem_4EhkYEmn3aWbfUs8y6aMTw\"} -->\n<figure class=\"wp-block-embed\"><div class=\"wp-block-embed__wrapper\">\nhttps:\/\/www.heraldodeleon.es\/articulo\/universidad\/mas-600-investigadores-ule-muestran-trabajo-publico-expociencia-2025\/20250225115550011535.html?utm_medium=social&amp;utm_source=facebook&amp;utm_campaign=share_button&amp;fbclid=IwY2xjawIz8I1leHRuA2FlbQIxMQABHepxfMKa4v1Yo36JcKG8HdNYhAqVhgF_IFRrJu2EJYpMr6Uo04LhMNiLPg_aem_4EhkYEmn3aWbfUs8y6aMTw\n<\/div><\/figure>\n<!-- \/wp:embed -->\n\n<!-- wp:embed {\"url\":\"https:\/\/digitaldeleon.com\/noticias-leon\/leoneses-visitan-expociencia-2025\/?fbclid=IwY2xjawIz-TRleHRuA2FlbQIxMQABHfojovRQqOfvngWp7ffV8Emmi1pCpd_rpH2H2qCmAGdKu8HF7gjwd4fC7g_aem_IkLxHU6eJ7hA_-CvhLfM3A\",\"type\":\"wp-embed\",\"providerNameSlug\":\"noticias-de-le-n-y-provincia-digital-de-le-n-noticias\"} -->\n<figure class=\"wp-block-embed is-type-wp-embed is-provider-noticias-de-le-n-y-provincia-digital-de-le-n-noticias wp-block-embed-noticias-de-le-n-y-provincia-digital-de-le-n-noticias\"><div class=\"wp-block-embed__wrapper\">\nhttps:\/\/digitaldeleon.com\/noticias-leon\/leoneses-visitan-expociencia-2025\/?fbclid=IwY2xjawIz-TRleHRuA2FlbQIxMQABHfojovRQqOfvngWp7ffV8Emmi1pCpd_rpH2H2qCmAGdKu8HF7gjwd4fC7g_aem_IkLxHU6eJ7hA_-CvhLfM3A\n<\/div><\/figure>\n<!-- \/wp:embed -->\n\n<!-- wp:embed {\"url\":\"https:\/\/www.unileon.es\/noticias\/expociencia-abre-sus-puertas-para-contagiar-la-pasion-investigadora-de-la-universidad-a-la?fbclid=IwY2xjawIz-J1leHRuA2FlbQIxMAABHVu7hxk_XxhU5QIaLwe6WMIUX5G3Da8EygsnJJpdw7zez-wvIEb0cK0mjg_aem_FmkYrfAJ-_b6yBZr3hh2VQ\"} -->\n<figure class=\"wp-block-embed\"><div class=\"wp-block-embed__wrapper\">\nhttps:\/\/www.unileon.es\/noticias\/expociencia-abre-sus-puertas-para-contagiar-la-pasion-investigadora-de-la-universidad-a-la?fbclid=IwY2xjawIz-J1leHRuA2FlbQIxMAABHVu7hxk_XxhU5QIaLwe6WMIUX5G3Da8EygsnJJpdw7zez-wvIEb0cK0mjg_aem_FmkYrfAJ-_b6yBZr3hh2VQ\n<\/div><\/figure>\n<!-- \/wp:embed -->\n\n<!-- wp:embed {\"url\":\"https:\/\/www.lanuevacronica.com\/uploads\/s1\/27\/35\/46\/1\/los-ninos-leoneses-se-acercan-ala-ciencia-a-traves-de-expociencia-2025-17_4_1000\u00d7563.jpeg?fbclid=IwY2xjawIz-QpleHRuA2FlbQIxMAABHRaf5WwK8orkXloStHjMp9xfZUgEyHl2dZ8lbeqgsT6IfK_Yu-I0pCiSeA_aem_NDLeCUNKJq9vdFw0_Ggt_w\"} -->\n<figure class=\"wp-block-embed\"><div class=\"wp-block-embed__wrapper\">\nhttps:\/\/www.lanuevacronica.com\/uploads\/s1\/27\/35\/46\/1\/los-ninos-leoneses-se-acercan-ala-ciencia-a-traves-de-expociencia-2025-17_4_1000\u00d7563.jpeg?fbclid=IwY2xjawIz-QpleHRuA2FlbQIxMAABHRaf5WwK8orkXloStHjMp9xfZUgEyHl2dZ8lbeqgsT6IfK_Yu-I0pCiSeA_aem_NDLeCUNKJq9vdFw0_Ggt_w\n<\/div><\/figure>\n<!-- \/wp:embed -->\n\n<!-- wp:image {\"id\":1151,\"sizeSlug\":\"full\",\"linkDestination\":\"none\"} -->\n<figure class=\"wp-block-image size-full\"><img src=\"https:\/\/congresos.unileon.es\/14cimo2025\/wp-content\/uploads\/sites\/20\/2025\/03\/image.png\" alt=\"\" class=\"wp-image-1151\" \/><\/figure>\n<!-- \/wp:image -->","_et_gb_content_width":"","footnotes":""},"categories":[1],"tags":[],"class_list":["post-1150","post","type-post","status-publish","format-standard","hentry","category-sin-categoria"],"_links":{"self":[{"href":"https:\/\/congresos.unileon.es\/14cimo2025\/wp-json\/wp\/v2\/posts\/1150","targetHints":{"allow":["GET"]}}],"collection":[{"href":"https:\/\/congresos.unileon.es\/14cimo2025\/wp-json\/wp\/v2\/posts"}],"about":[{"href":"https:\/\/congresos.unileon.es\/14cimo2025\/wp-json\/wp\/v2\/types\/post"}],"author":[{"embeddable":true,"href":"https:\/\/congresos.unileon.es\/14cimo2025\/wp-json\/wp\/v2\/users\/29"}],"replies":[{"embeddable":true,"href":"https:\/\/congresos.unileon.es\/14cimo2025\/wp-json\/wp\/v2\/comments?post=1150"}],"version-history":[{"count":3,"href":"https:\/\/congresos.unileon.es\/14cimo2025\/wp-json\/wp\/v2\/posts\/1150\/revisions"}],"predecessor-version":[{"id":1486,"href":"https:\/\/congresos.unileon.es\/14cimo2025\/wp-json\/wp\/v2\/posts\/1150\/revisions\/1486"}],"wp:attachment":[{"href":"https:\/\/congresos.unileon.es\/14cimo2025\/wp-json\/wp\/v2\/media?parent=1150"}],"wp:term":[{"taxonomy":"category","embeddable":true,"href":"https:\/\/congresos.unileon.es\/14cimo2025\/wp-json\/wp\/v2\/categories?post=1150"},{"taxonomy":"post_tag","embeddable":true,"href":"https:\/\/congresos.unileon.es\/14cimo2025\/wp-json\/wp\/v2\/tags?post=1150"}],"curies":[{"name":"wp","href":"https:\/\/api.w.org\/{rel}","templated":true}]}}