{"id":1483,"date":"2025-03-31T13:48:37","date_gmt":"2025-03-31T13:48:37","guid":{"rendered":"https:\/\/congresos.unileon.es\/14cimo2025\/?p=1483"},"modified":"2025-03-31T13:50:41","modified_gmt":"2025-03-31T13:50:41","slug":"1483","status":"publish","type":"post","link":"https:\/\/congresos.unileon.es\/14cimo2025\/2025\/03\/31\/1483\/","title":{"rendered":"Rueda de Prensa"},"content":{"rendered":"[et_pb_section fb_built=&#8221;1&#8243; admin_label=&#8221;section&#8221; _builder_version=&#8221;4.16&#8243; global_colors_info=&#8221;{}&#8221; locked=&#8221;off&#8221; theme_builder_area=&#8221;post_content&#8221;][et_pb_row admin_label=&#8221;row&#8221; _builder_version=&#8221;4.17.6&#8243; background_size=&#8221;initial&#8221; background_position=&#8221;top_left&#8221; background_repeat=&#8221;repeat&#8221; global_colors_info=&#8221;{}&#8221; theme_builder_area=&#8221;post_content&#8221; hover_enabled=&#8221;0&#8243; sticky_enabled=&#8221;0&#8243;][et_pb_column type=&#8221;4_4&#8243; _builder_version=&#8221;4.16&#8243; custom_padding=&#8221;|||&#8221; global_colors_info=&#8221;{}&#8221; custom_padding__hover=&#8221;|||&#8221; theme_builder_area=&#8221;post_content&#8221;][et_pb_text admin_label=&#8221;Text&#8221; _builder_version=&#8221;4.17.6&#8243; background_size=&#8221;initial&#8221; background_position=&#8221;top_left&#8221; background_repeat=&#8221;repeat&#8221; global_colors_info=&#8221;{}&#8221; theme_builder_area=&#8221;post_content&#8221; hover_enabled=&#8221;0&#8243; sticky_enabled=&#8221;0&#8243;]<p><\/p>\n<h1 class=\"wp-block-heading\">Presentaci\u00f3n del XIV Congreso Internacional de Molinolog\u00eda, que se celebrar\u00e1 en Le\u00f3n del 16 al 19 de octubre<\/h1>\n<p><\/p>\n<p>El\u00a0<a href=\"https:\/\/congresos.unileon.es\/14cimo2025\/\" target=\"_blank\" rel=\"noopener\">XIV Congreso Internacional de Molinolog\u00eda<\/a><span>\u00a0<\/span>(CIMO) fue presentado ayer en el Ayuntamiento de Le\u00f3n. En dicho acto estuvieron presentes el alcalde, Jos\u00e9 Antonio Diez, la rectora de la ULE, Nuria Gonz\u00e1lez, el director del Congreso y profesor de Historia Contempor\u00e1nea, Javier Revilla, la concejala de Acci\u00f3n y Promoci\u00f3n Cultural, Elena Aguado, y Mario Sanz, el representante de la Asociaci\u00f3n para la Conservaci\u00f3n y Estudio de los Molinos.<\/p>\n<p>El evento, que se celebrar\u00e1 en la ciudad del 16 al 19 de octubre, contar\u00e1 con un centenar de expertos nacionales e internacionales. Est\u00e1 organizado por la Universidad de Le\u00f3n (ULE) y la Asociaci\u00f3n para la Conservaci\u00f3n y el Estudio de los Molinos (ACEM), y lleva por t\u00edtulo \u2018Paisajes milenarios, repertorio de sabidur\u00eda\u2019.<\/p>\n<p>En la inauguraci\u00f3n, las autoridades se detuvieron para observar el conjunto del stand de HISMECON, como muestran las fotograf\u00edas y v\u00eddeos publicados en distintos medios de comunicaci\u00f3n:<\/p>\n<p><img loading=\"lazy\" decoding=\"async\" src=\"https:\/\/congresos.unileon.es\/14cimo2025\/wp-content\/uploads\/sites\/20\/2025\/03\/IMG-20250326-WA0010-1024x601-1.jpg\" width=\"1024\" height=\"601\" alt=\"\" class=\"wp-image-1488 alignnone size-full\" srcset=\"https:\/\/congresos.unileon.es\/14cimo2025\/wp-content\/uploads\/sites\/20\/2025\/03\/IMG-20250326-WA0010-1024x601-1.jpg 1024w, https:\/\/congresos.unileon.es\/14cimo2025\/wp-content\/uploads\/sites\/20\/2025\/03\/IMG-20250326-WA0010-1024x601-1-980x575.jpg 980w, https:\/\/congresos.unileon.es\/14cimo2025\/wp-content\/uploads\/sites\/20\/2025\/03\/IMG-20250326-WA0010-1024x601-1-480x282.jpg 480w\" sizes=\"auto, (min-width: 0px) and (max-width: 480px) 480px, (min-width: 481px) and (max-width: 980px) 980px, (min-width: 981px) 1024px, 100vw\" \/><\/p>\n<p><a href=\"https:\/\/www.diariodeleon.es\/sociedad\/250325\/1935494\/castilla-leon-centenar-expertos-participara-congreso-internacional-molinologia-leon-octubre.html\" target=\"_blank\" rel=\"noopener\">https:\/\/www.diariodeleon.es\/sociedad\/250325\/1935494\/castilla-leon-centenar-expertos-participara-congreso-internacional-molinologia-leon-octubre.html<\/a><\/p>\n<p><a href=\"https:\/\/ileon.eldiario.es\/actualidad\/mayores-expertos-molinos-citan-leon-octubre-xiv-congreso-internacional-molinologia_1_12161791.html\" target=\"_blank\" rel=\"noopener\">https:\/\/ileon.eldiario.es\/actualidad\/mayores-expertos-molinos-citan-leon-octubre-xiv-congreso-internacional-molinologia_1_12161791.html<\/a><\/p>\n<p><a href=\"https:\/\/www.aytoleon.es\/es\/actualidad\/noticias\/articulos\/Lists\/EntradasDeBlog\/Post.aspx?List=4d573294%2Ddc3c%2D4dab%2Dbfc8%2D0fef9d1bca7f&amp;ID=4826&amp;Web=0fe5fed8%2Dbcf7%2D4a4e%2Db3a6%2Dc8b48f2b6a29\" target=\"_blank\" rel=\"noopener\">https:\/\/www.aytoleon.es\/es\/actualidad\/noticias\/articulos\/Lists\/EntradasDeBlog\/Post.aspx?List=4d573294%2Ddc3c%2D4dab%2Dbfc8%2D0fef9d1bca7f&amp;ID=4826&amp;Web=0fe5fed8%2Dbcf7%2D4a4e%2Db3a6%2Dc8b48f2b6a29<\/a><\/p>\n<p><a href=\"https:\/\/leonsurdigital.com\/art\/26835\/leon-acogera-xiv-congreso-internacional-molinologia-octubre-2025\" target=\"_blank\" rel=\"noopener\">https:\/\/leonsurdigital.com\/art\/26835\/leon-acogera-xiv-congreso-internacional-molinologia-octubre-2025<\/a><\/p>\n<p><a href=\"https:\/\/www.diariodevalderrueda.es\/texto-diario\/mostrar\/5229993\/expertos-internacionales-avanzaran-desde-leon-investigacion-preservacion-molinos\" target=\"_blank\" rel=\"noopener\">https:\/\/www.diariodevalderrueda.es\/texto-diario\/mostrar\/5229993\/expertos-internacionales-avanzaran-desde-leon-investigacion-preservacion-molinos<\/a><\/p>\n<p><a href=\"https:\/\/infoleon.infobierzo.com\/noticias-leon\/congreso-internacional-molinologia-riqueza-patrimonial-leon_1022454_102.html\" target=\"_blank\" rel=\"noopener\">https:\/\/infoleon.infobierzo.com\/noticias-leon\/congreso-internacional-molinologia-riqueza-patrimonial-leon_1022454_102.html<\/a><\/p>\n<p><a href=\"https:\/\/cadenaser.com\/castillayleon\/2025\/03\/25\/las-obras-para-convertir-el-molino-sidron-en-un-espacio-cultural-comenzaran-en-julio-radio-leon\/\" target=\"_blank\" rel=\"noopener\">https:\/\/cadenaser.com\/castillayleon\/2025\/03\/25\/las-obras-para-convertir-el-molino-sidron-en-un-espacio-cultural-comenzaran-en-julio-radio-leon\/<\/a><\/p>\n<p><a href=\"https:\/\/www.ondacero.es\/emisoras\/castilla-y-leon\/leon\/noticias\/molino-sidron-tiene-fecha-inicio-obras-rehabilitacion_2025032567e2fca1550aee00016e5ad9.html\" target=\"_blank\" rel=\"noopener\">https:\/\/www.ondacero.es\/emisoras\/castilla-y-leon\/leon\/noticias\/molino-sidron-tiene-fecha-inicio-obras-rehabilitacion_2025032567e2fca1550aee00016e5ad9.html<\/a><\/p>\n<p><a href=\"https:\/\/www.lanuevacronica.com\/lnc-culturas\/cita-locos-molinos-cimo-recala-por-primera-vez-en-leon_172712_102.html\" target=\"_blank\" rel=\"noopener\">https:\/\/www.lanuevacronica.com\/lnc-culturas\/cita-locos-molinos-cimo-recala-por-primera-vez-en-leon_172712_102.html<\/a><\/p>\n<p><a href=\"https:\/\/www.leonoticias.com\/universidad\/expertos-mundo-estudiaran-leon-tierra-4400-molinos-20250325125854-nt.html\" target=\"_blank\" rel=\"noopener\">https:\/\/www.leonoticias.com\/universidad\/expertos-mundo-estudiaran-leon-tierra-4400-molinos-20250325125854-nt.html<\/a><\/p>\n<p><a href=\"https:\/\/www.diariodeleon.es\/cultura\/250326\/1936245\/leon-tierra-4-400-molinos.html\" target=\"_blank\" rel=\"noopener\">https:\/\/www.diariodeleon.es\/cultura\/250326\/1936245\/leon-tierra-4-400-molinos.html<\/a><\/p>\n<p><\/p>\n<p><\/p>\n<p><\/p>\n<p><\/p>\n<p><\/p>\n<p><!-- \/wp:post-content --><\/p>\n<p><!-- wp:image {\"id\":1151,\"sizeSlug\":\"full\",\"linkDestination\":\"none\"} --><\/p>\n<p><!-- \/wp:image --><\/p>[\/et_pb_text][\/et_pb_column][\/et_pb_row][\/et_pb_section]","protected":false},"excerpt":{"rendered":"<p>Presentaci\u00f3n del XIV Congreso Internacional de Molinolog\u00eda, que se celebrar\u00e1 en Le\u00f3n del 16 al 19 de octubre El\u00a0XIV Congreso Internacional de Molinolog\u00eda\u00a0(CIMO) fue presentado ayer en el Ayuntamiento de Le\u00f3n. En dicho acto estuvieron presentes el alcalde, Jos\u00e9 Antonio Diez, la rectora de la ULE, Nuria Gonz\u00e1lez, el director del Congreso y profesor de [&hellip;]<\/p>\n","protected":false},"author":29,"featured_media":0,"comment_status":"closed","ping_status":"open","sticky":false,"template":"","format":"standard","meta":{"_et_pb_use_builder":"on","_et_pb_old_content":"","_et_gb_content_width":"","footnotes":""},"categories":[1],"tags":[],"class_list":["post-1483","post","type-post","status-publish","format-standard","hentry","category-sin-categoria"],"_links":{"self":[{"href":"https:\/\/congresos.unileon.es\/14cimo2025\/wp-json\/wp\/v2\/posts\/1483","targetHints":{"allow":["GET"]}}],"collection":[{"href":"https:\/\/congresos.unileon.es\/14cimo2025\/wp-json\/wp\/v2\/posts"}],"about":[{"href":"https:\/\/congresos.unileon.es\/14cimo2025\/wp-json\/wp\/v2\/types\/post"}],"author":[{"embeddable":true,"href":"https:\/\/congresos.unileon.es\/14cimo2025\/wp-json\/wp\/v2\/users\/29"}],"replies":[{"embeddable":true,"href":"https:\/\/congresos.unileon.es\/14cimo2025\/wp-json\/wp\/v2\/comments?post=1483"}],"version-history":[{"count":4,"href":"https:\/\/congresos.unileon.es\/14cimo2025\/wp-json\/wp\/v2\/posts\/1483\/revisions"}],"predecessor-version":[{"id":1491,"href":"https:\/\/congresos.unileon.es\/14cimo2025\/wp-json\/wp\/v2\/posts\/1483\/revisions\/1491"}],"wp:attachment":[{"href":"https:\/\/congresos.unileon.es\/14cimo2025\/wp-json\/wp\/v2\/media?parent=1483"}],"wp:term":[{"taxonomy":"category","embeddable":true,"href":"https:\/\/congresos.unileon.es\/14cimo2025\/wp-json\/wp\/v2\/categories?post=1483"},{"taxonomy":"post_tag","embeddable":true,"href":"https:\/\/congresos.unileon.es\/14cimo2025\/wp-json\/wp\/v2\/tags?post=1483"}],"curies":[{"name":"wp","href":"https:\/\/api.w.org\/{rel}","templated":true}]}}